{"id":8926,"date":"2025-10-11T07:25:56","date_gmt":"2025-10-11T07:25:56","guid":{"rendered":"http:\/\/liceumjodlowa.pl\/?p=8926"},"modified":"2025-10-17T07:38:44","modified_gmt":"2025-10-17T07:38:44","slug":"dzien-edukacji-narodowej-2025-2","status":"publish","type":"post","link":"http:\/\/liceumjodlowa.pl\/?p=8926","title":{"rendered":"Dzie\u0144 Edukacji Narodowej 2025"},"content":{"rendered":"\n<p><strong>CERTYFIKAT<\/strong><br><strong>Mened\u017cer \u2013 Edukator Roku<\/strong><\/p>\n\n\n\n<p><strong>Teresa Po\u0142oska<\/strong><br><strong>Dyrektor Zespo\u0142u Szk\u00f3\u0142 w Jod\u0142owej<\/strong><\/p>\n\n\n\n<p>Certyfikat przyznano w XIV edycji Og\u00f3lnopolskiego Konkursu i Programu Certyfikacyjnego \u201eSamorz\u0105dowy Lider Edukacji\u201d, w wyniku pozytywnej oceny JST przeprowadzonej w imieniu Zarz\u0105du Fundacji Rozwoju Edukacji i Szkolnictwa Wy\u017cszego oraz Agencji Kreatywnej PRC przez Komisj\u0119 Eksperck\u0105.<\/p>\n\n\n\n<p>Certyfikat niniejszy przyznawany jest najlepszym Dyrektorom Szk\u00f3\u0142 i Plac\u00f3wek O\u015bwiatowych z samorz\u0105d\u00f3w wyr\u00f3\u017cnionych w Konkursie. Dokument stanowi dow\u00f3d wysokiego poziomu zaanga\u017cowania i innowacyjno\u015bci w dzia\u0142aniach edukacyjnych realizowanych na rzecz lokalnej spo\u0142eczno\u015bci oraz potwierdzenie osi\u0105gni\u0119\u0107 w zakresie zarz\u0105dzania publicznego w sferze o\u015bwiaty i wychowania.<\/p>\n\n\n\n<p><a href=\"https:\/\/powiatdebicki.pl\/dzien-edukacji-narodowej-2025,art-4137#prettyPhoto\">https:\/\/powiatdebicki.pl\/dzien-edukacji-narodowej-2025,art-4137#prettyPhoto<\/a><\/p>\n\n\n\n<figure class=\"wp-block-image size-full\"><img loading=\"lazy\" decoding=\"async\" width=\"1005\" height=\"666\" src=\"http:\/\/liceumjodlowa.pl\/wp-content\/uploads\/2025\/10\/edu-N-25u-1.png\" alt=\"\" class=\"wp-image-8928\" srcset=\"http:\/\/liceumjodlowa.pl\/wp-content\/uploads\/2025\/10\/edu-N-25u-1.png 1005w, http:\/\/liceumjodlowa.pl\/wp-content\/uploads\/2025\/10\/edu-N-25u-1-300x199.png 300w, http:\/\/liceumjodlowa.pl\/wp-content\/uploads\/2025\/10\/edu-N-25u-1-768x509.png 768w\" sizes=\"auto, (max-width: 1005px) 100vw, 1005px\" \/><\/figure>\n\n\n\n<figure class=\"wp-block-image size-full\"><img loading=\"lazy\" decoding=\"async\" width=\"720\" height=\"960\" src=\"http:\/\/liceumjodlowa.pl\/wp-content\/uploads\/2025\/10\/Bez-nazwy_720x960-1-1.jpg\" alt=\"\" class=\"wp-image-8934\" srcset=\"http:\/\/liceumjodlowa.pl\/wp-content\/uploads\/2025\/10\/Bez-nazwy_720x960-1-1.jpg 720w, http:\/\/liceumjodlowa.pl\/wp-content\/uploads\/2025\/10\/Bez-nazwy_720x960-1-1-225x300.jpg 225w\" sizes=\"auto, (max-width: 720px) 100vw, 720px\" \/><\/figure>\n","protected":false},"excerpt":{"rendered":"<p>CERTYFIKATMened\u017cer \u2013 Edukator Roku Teresa Po\u0142oskaDyrektor Zespo\u0142u Szk\u00f3\u0142 w Jod\u0142owej Certyfikat przyznano w XIV edycji Og\u00f3lnopolskiego Konkursu i Programu Certyfikacyjnego \u201eSamorz\u0105dowy Lider Edukacji\u201d, w wyniku pozytywnej oceny JST przeprowadzonej w imieniu Zarz\u0105du Fundacji Rozwoju Edukacji i Szkolnictwa Wy\u017cszego oraz Agencji&hellip; <\/p>\n","protected":false},"author":1,"featured_media":8927,"comment_status":"closed","ping_status":"closed","sticky":false,"template":"","format":"standard","meta":{"footnotes":""},"categories":[1],"tags":[],"class_list":["post-8926","post","type-post","status-publish","format-standard","has-post-thumbnail","hentry","category-uroczystosci"],"_links":{"self":[{"href":"http:\/\/liceumjodlowa.pl\/index.php?rest_route=\/wp\/v2\/posts\/8926","targetHints":{"allow":["GET"]}}],"collection":[{"href":"http:\/\/liceumjodlowa.pl\/index.php?rest_route=\/wp\/v2\/posts"}],"about":[{"href":"http:\/\/liceumjodlowa.pl\/index.php?rest_route=\/wp\/v2\/types\/post"}],"author":[{"embeddable":true,"href":"http:\/\/liceumjodlowa.pl\/index.php?rest_route=\/wp\/v2\/users\/1"}],"replies":[{"embeddable":true,"href":"http:\/\/liceumjodlowa.pl\/index.php?rest_route=%2Fwp%2Fv2%2Fcomments&post=8926"}],"version-history":[{"count":3,"href":"http:\/\/liceumjodlowa.pl\/index.php?rest_route=\/wp\/v2\/posts\/8926\/revisions"}],"predecessor-version":[{"id":8935,"href":"http:\/\/liceumjodlowa.pl\/index.php?rest_route=\/wp\/v2\/posts\/8926\/revisions\/8935"}],"wp:featuredmedia":[{"embeddable":true,"href":"http:\/\/liceumjodlowa.pl\/index.php?rest_route=\/wp\/v2\/media\/8927"}],"wp:attachment":[{"href":"http:\/\/liceumjodlowa.pl\/index.php?rest_route=%2Fwp%2Fv2%2Fmedia&parent=8926"}],"wp:term":[{"taxonomy":"category","embeddable":true,"href":"http:\/\/liceumjodlowa.pl\/index.php?rest_route=%2Fwp%2Fv2%2Fcategories&post=8926"},{"taxonomy":"post_tag","embeddable":true,"href":"http:\/\/liceumjodlowa.pl\/index.php?rest_route=%2Fwp%2Fv2%2Ftags&post=8926"}],"curies":[{"name":"wp","href":"https:\/\/api.w.org\/{rel}","templated":true}]}}