{"id":677,"date":"2017-01-30T14:23:57","date_gmt":"2017-01-30T14:23:57","guid":{"rendered":"http:\/\/liceumjodlowa.pl\/?p=677"},"modified":"2017-02-01T10:12:29","modified_gmt":"2017-02-01T10:12:29","slug":"artykul-dr-leszka-mikruta-na-temat-naszej-szkoly","status":"publish","type":"post","link":"http:\/\/liceumjodlowa.pl\/?p=677","title":{"rendered":"Artyku\u0142 dr Leszka Mikruta na temat naszej szko\u0142y"},"content":{"rendered":"<p style=\"text-align: center;\"><a href=\"http:\/\/liceumjodlowa.pl\/wp-content\/uploads\/2017\/01\/083151-wu-229-net1.pdf\">ARTYKU\u0141 KLIKNIJ TUTAJ<\/a><\/p>\n<p align=\"justify\">Dzi\u0119kujemy Panu dr Leszkowi Mikrutowi, kierownikowi Pracowni Glottodydaktyki Instytutu Filologii S\u0142owia\u0144skiej UMCS w Lublinie za u\u015bwietnienie swoj\u0105 obecno\u015bci\u0105 uroczysto\u015bci Dnia Komisji Edukacji Narodowej po\u0142\u0105czonej z przekazaniem szko\u0142y nowemu organowi prowadz\u0105cemu \u2013 Izbie Rzemie\u015blniczej oraz Ma\u0142ej i \u015aredniej Przedsi\u0119biorczo\u015bci w Tarnowie. Wdzi\u0119czno\u015b\u0107 wyra\u017camy r\u00f3wnie\u017c za zainteresowanie losami naszej plac\u00f3wki i pomoc w d\u0105\u017ceniach do utrzymania jod\u0142owskiego liceum. Wierzymy, \u017ce deklarowana wsp\u00f3\u0142praca z IFS UMCS zaowocuje szerokim zainteresowaniem j\u0119zykami i kultur\u0105 s\u0142owia\u0144sk\u0105 w\u015br\u00f3d uczni\u00f3w naszej szko\u0142y.<\/p>\n","protected":false},"excerpt":{"rendered":"<p>ARTYKU\u0141 KLIKNIJ TUTAJ Dzi\u0119kujemy Panu dr Leszkowi Mikrutowi, kierownikowi Pracowni Glottodydaktyki Instytutu Filologii S\u0142owia\u0144skiej UMCS w Lublinie za u\u015bwietnienie swoj\u0105 obecno\u015bci\u0105 uroczysto\u015bci Dnia Komisji Edukacji Narodowej po\u0142\u0105czonej z przekazaniem szko\u0142y nowemu organowi prowadz\u0105cemu \u2013 Izbie Rzemie\u015blniczej oraz Ma\u0142ej i \u015aredniej&hellip; <\/p>\n","protected":false},"author":1,"featured_media":689,"comment_status":"closed","ping_status":"closed","sticky":false,"template":"","format":"standard","meta":{"footnotes":""},"categories":[16],"tags":[],"class_list":["post-677","post","type-post","status-publish","format-standard","has-post-thumbnail","hentry","category-informacje-prasowe"],"_links":{"self":[{"href":"http:\/\/liceumjodlowa.pl\/index.php?rest_route=\/wp\/v2\/posts\/677","targetHints":{"allow":["GET"]}}],"collection":[{"href":"http:\/\/liceumjodlowa.pl\/index.php?rest_route=\/wp\/v2\/posts"}],"about":[{"href":"http:\/\/liceumjodlowa.pl\/index.php?rest_route=\/wp\/v2\/types\/post"}],"author":[{"embeddable":true,"href":"http:\/\/liceumjodlowa.pl\/index.php?rest_route=\/wp\/v2\/users\/1"}],"replies":[{"embeddable":true,"href":"http:\/\/liceumjodlowa.pl\/index.php?rest_route=%2Fwp%2Fv2%2Fcomments&post=677"}],"version-history":[{"count":7,"href":"http:\/\/liceumjodlowa.pl\/index.php?rest_route=\/wp\/v2\/posts\/677\/revisions"}],"predecessor-version":[{"id":683,"href":"http:\/\/liceumjodlowa.pl\/index.php?rest_route=\/wp\/v2\/posts\/677\/revisions\/683"}],"wp:featuredmedia":[{"embeddable":true,"href":"http:\/\/liceumjodlowa.pl\/index.php?rest_route=\/wp\/v2\/media\/689"}],"wp:attachment":[{"href":"http:\/\/liceumjodlowa.pl\/index.php?rest_route=%2Fwp%2Fv2%2Fmedia&parent=677"}],"wp:term":[{"taxonomy":"category","embeddable":true,"href":"http:\/\/liceumjodlowa.pl\/index.php?rest_route=%2Fwp%2Fv2%2Fcategories&post=677"},{"taxonomy":"post_tag","embeddable":true,"href":"http:\/\/liceumjodlowa.pl\/index.php?rest_route=%2Fwp%2Fv2%2Ftags&post=677"}],"curies":[{"name":"wp","href":"https:\/\/api.w.org\/{rel}","templated":true}]}}