{"id":4901,"date":"2021-12-23T21:59:55","date_gmt":"2021-12-23T21:59:55","guid":{"rendered":"http:\/\/liceumjodlowa.pl\/?p=4901"},"modified":"2021-12-23T22:00:42","modified_gmt":"2021-12-23T22:00:42","slug":"akcja-swiateczna-paczka-2","status":"publish","type":"post","link":"http:\/\/liceumjodlowa.pl\/?p=4901","title":{"rendered":"Akcja \u201e\u015awi\u0105teczna Paczka\u201d"},"content":{"rendered":"\n<p>     Tradycyjnie w naszej szkole zorganizowano akcj\u0119 \u201e\u015awi\u0105teczna Paczka\u201d. Uczniowie bardzo zaanga\u017cowali si\u0119 w zbi\u00f3rk\u0119 produkt\u00f3w spo\u017cywczych z kt\u00f3rych spakowano \u015bwi\u0105teczne paczki, kt\u00f3re zosta\u0142y przekazane rodzinom z terenu Gminy Jod\u0142owa.<\/p>\n\n\n\n<p>Dzi\u0119kujemy wszystkim za zaanga\u017cowanie w akcj\u0119.<\/p>\n\n\n\n<p class=\"has-text-align-right\">Samorz\u0105d Uczniowski<\/p>\n\n\n\n<figure class=\"wp-block-gallery columns-2 is-cropped wp-block-gallery-1 is-layout-flex wp-block-gallery-is-layout-flex\"><ul class=\"blocks-gallery-grid\"><li class=\"blocks-gallery-item\"><figure><img loading=\"lazy\" decoding=\"async\" width=\"1024\" height=\"768\" src=\"http:\/\/liceumjodlowa.pl\/wp-content\/uploads\/2021\/12\/20211215_095638-1024x768.jpg\" alt=\"\" data-id=\"4902\" data-full-url=\"http:\/\/liceumjodlowa.pl\/wp-content\/uploads\/2021\/12\/20211215_095638-scaled.jpg\" data-link=\"http:\/\/liceumjodlowa.pl\/?attachment_id=4902\" class=\"wp-image-4902\" srcset=\"http:\/\/liceumjodlowa.pl\/wp-content\/uploads\/2021\/12\/20211215_095638-1024x768.jpg 1024w, http:\/\/liceumjodlowa.pl\/wp-content\/uploads\/2021\/12\/20211215_095638-300x225.jpg 300w, http:\/\/liceumjodlowa.pl\/wp-content\/uploads\/2021\/12\/20211215_095638-768x576.jpg 768w, http:\/\/liceumjodlowa.pl\/wp-content\/uploads\/2021\/12\/20211215_095638-1536x1152.jpg 1536w, http:\/\/liceumjodlowa.pl\/wp-content\/uploads\/2021\/12\/20211215_095638-2048x1536.jpg 2048w\" sizes=\"auto, (max-width: 1024px) 100vw, 1024px\" \/><\/figure><\/li><li class=\"blocks-gallery-item\"><figure><img loading=\"lazy\" decoding=\"async\" width=\"1024\" height=\"768\" src=\"http:\/\/liceumjodlowa.pl\/wp-content\/uploads\/2021\/12\/20211216_094109-1024x768.jpg\" alt=\"\" data-id=\"4903\" data-full-url=\"http:\/\/liceumjodlowa.pl\/wp-content\/uploads\/2021\/12\/20211216_094109-scaled.jpg\" data-link=\"http:\/\/liceumjodlowa.pl\/?attachment_id=4903\" class=\"wp-image-4903\" srcset=\"http:\/\/liceumjodlowa.pl\/wp-content\/uploads\/2021\/12\/20211216_094109-1024x768.jpg 1024w, http:\/\/liceumjodlowa.pl\/wp-content\/uploads\/2021\/12\/20211216_094109-300x225.jpg 300w, http:\/\/liceumjodlowa.pl\/wp-content\/uploads\/2021\/12\/20211216_094109-768x576.jpg 768w, http:\/\/liceumjodlowa.pl\/wp-content\/uploads\/2021\/12\/20211216_094109-1536x1152.jpg 1536w, http:\/\/liceumjodlowa.pl\/wp-content\/uploads\/2021\/12\/20211216_094109-2048x1536.jpg 2048w\" sizes=\"auto, (max-width: 1024px) 100vw, 1024px\" \/><\/figure><\/li><\/ul><\/figure>\n\n\n\n<figure class=\"wp-block-image size-large\"><img loading=\"lazy\" decoding=\"async\" width=\"768\" height=\"1024\" src=\"http:\/\/liceumjodlowa.pl\/wp-content\/uploads\/2021\/12\/263454915_1910651495801844_4919130006598555077_n-768x1024.jpg\" alt=\"\" class=\"wp-image-4904\" srcset=\"http:\/\/liceumjodlowa.pl\/wp-content\/uploads\/2021\/12\/263454915_1910651495801844_4919130006598555077_n-768x1024.jpg 768w, http:\/\/liceumjodlowa.pl\/wp-content\/uploads\/2021\/12\/263454915_1910651495801844_4919130006598555077_n-225x300.jpg 225w, http:\/\/liceumjodlowa.pl\/wp-content\/uploads\/2021\/12\/263454915_1910651495801844_4919130006598555077_n.jpg 1536w\" sizes=\"auto, (max-width: 768px) 100vw, 768px\" \/><\/figure>\n","protected":false},"excerpt":{"rendered":"<p>Tradycyjnie w naszej szkole zorganizowano akcj\u0119 \u201e\u015awi\u0105teczna Paczka\u201d. Uczniowie bardzo zaanga\u017cowali si\u0119 w zbi\u00f3rk\u0119 produkt\u00f3w spo\u017cywczych z kt\u00f3rych spakowano \u015bwi\u0105teczne paczki, kt\u00f3re zosta\u0142y przekazane rodzinom z terenu Gminy Jod\u0142owa. Dzi\u0119kujemy wszystkim za zaanga\u017cowanie w akcj\u0119. Samorz\u0105d Uczniowski<\/p>\n","protected":false},"author":1,"featured_media":4902,"comment_status":"closed","ping_status":"closed","sticky":false,"template":"","format":"standard","meta":{"footnotes":""},"categories":[18],"tags":[],"class_list":["post-4901","post","type-post","status-publish","format-standard","has-post-thumbnail","hentry","category-inne"],"_links":{"self":[{"href":"http:\/\/liceumjodlowa.pl\/index.php?rest_route=\/wp\/v2\/posts\/4901","targetHints":{"allow":["GET"]}}],"collection":[{"href":"http:\/\/liceumjodlowa.pl\/index.php?rest_route=\/wp\/v2\/posts"}],"about":[{"href":"http:\/\/liceumjodlowa.pl\/index.php?rest_route=\/wp\/v2\/types\/post"}],"author":[{"embeddable":true,"href":"http:\/\/liceumjodlowa.pl\/index.php?rest_route=\/wp\/v2\/users\/1"}],"replies":[{"embeddable":true,"href":"http:\/\/liceumjodlowa.pl\/index.php?rest_route=%2Fwp%2Fv2%2Fcomments&post=4901"}],"version-history":[{"count":1,"href":"http:\/\/liceumjodlowa.pl\/index.php?rest_route=\/wp\/v2\/posts\/4901\/revisions"}],"predecessor-version":[{"id":4905,"href":"http:\/\/liceumjodlowa.pl\/index.php?rest_route=\/wp\/v2\/posts\/4901\/revisions\/4905"}],"wp:featuredmedia":[{"embeddable":true,"href":"http:\/\/liceumjodlowa.pl\/index.php?rest_route=\/wp\/v2\/media\/4902"}],"wp:attachment":[{"href":"http:\/\/liceumjodlowa.pl\/index.php?rest_route=%2Fwp%2Fv2%2Fmedia&parent=4901"}],"wp:term":[{"taxonomy":"category","embeddable":true,"href":"http:\/\/liceumjodlowa.pl\/index.php?rest_route=%2Fwp%2Fv2%2Fcategories&post=4901"},{"taxonomy":"post_tag","embeddable":true,"href":"http:\/\/liceumjodlowa.pl\/index.php?rest_route=%2Fwp%2Fv2%2Ftags&post=4901"}],"curies":[{"name":"wp","href":"https:\/\/api.w.org\/{rel}","templated":true}]}}